{"id":601,"date":"2023-03-28T10:21:24","date_gmt":"2023-03-28T08:21:24","guid":{"rendered":"http:\/\/www.oeaab-wien-aps.at\/?p=601"},"modified":"2024-02-23T12:08:46","modified_gmt":"2024-02-23T11:08:46","slug":"landesfachgruppentagung-22-03-2023","status":"publish","type":"post","link":"https:\/\/www.oeaab-wien-aps.at\/?p=601","title":{"rendered":"Landesfachgruppentagung 2023"},"content":{"rendered":"\n<p>Im Rahmen einer Fortbildung in Verbindung mit der Landesfachgruppentagung Pflichtschule des \u00d6AAB (\u00d6sterreichischer Arbeitnehmerinnen- und Arbeitnehmerbund) haben sich Lehrerinnen und Lehrer zusammengefunden, um \u00fcber aktuelle Themen und Herausforderungen in der Pflichtschule zu diskutieren. Au\u00dferdem fand in diesem Rahmen die Wahl des Vorsitzes und der Leitung statt. Dipl. P\u00e4d. Stephan Maresch BEd. wurde mit \u00fcberw\u00e4ltigender Mehrheit als Vorsitzender weiter best\u00e4tigt.<\/p>\n\n\n\n<p>Die Veranstaltung bot den Teilnehmerinnen und Teilnehmern die M\u00f6glichkeit, sich \u00fcber ihre Erfahrungen auszutauschen sowie Platz f\u00fcr Diskussionen und Networking.<\/p>\n\n\n\n<p>Gastredner waren Landesobmann des \u00d6AAB Wien und Vorstandsmitglied der G\u00d6D, Hannes Taborsky und der Landesobmann&nbsp;der JVP und Wiener Bildungssprecher Harald Zierfu\u00df, welche unter anderem folgende Kritikpunkte \u00e4u\u00dferten:<\/p>\n\n\n\n<ul class=\"wp-block-list\">\n<li>Qualit\u00e4tsm\u00e4ngel in der Lehrerausbildung und -weiterbildung<\/li>\n\n\n\n<li>\u00dcberlastung von Lehrerinnen und Lehrern durch zu wenig Unterst\u00fctzung der Bildungsdirektion Wien<\/li>\n\n\n\n<li>Mangelnde Einbeziehung der Interessen von Lehren und Eltern in die Wahl der Schulform<\/li>\n\n\n\n<li>Ungerechte Verteilung von Ressourcen<\/li>\n\n\n\n<li>M\u00e4ngel im Umgang mit Diversit\u00e4t und Inklusion<\/li>\n<\/ul>\n\n\n\n<p>Es war eine erfolgreiche Veranstaltung, die dazu beigetragen hat, die Diskussion \u00fcber wichtige Themen im Bildungsbereich voranzutreiben und die Interessen der Pflichtschullehrerinnen und -lehrer in Wien zu vertreten und die gro\u00dfen Herausforderungen in Wien zu besprechen.<\/p>\n","protected":false},"excerpt":{"rendered":"<p>Im Rahmen einer Fortbildung in Verbindung mit der Landesfachgruppentagung Pflichtschule des \u00d6AAB (\u00d6sterreichischer Arbeitnehmerinnen- und Arbeitnehmerbund) haben sich Lehrerinnen und Lehrer zusammengefunden, um \u00fcber aktuelle Themen und Herausforderungen in der Pflichtschule zu diskutieren. Au\u00dferdem fand in diesem Rahmen die Wahl des Vorsitzes und der Leitung statt. Dipl. P\u00e4d. Stephan Maresch BEd. wurde mit \u00fcberw\u00e4ltigender Mehrheit &hellip; <\/p>\n","protected":false},"author":3,"featured_media":608,"comment_status":"closed","ping_status":"closed","sticky":false,"template":"","format":"standard","meta":{"_kadence_starter_templates_imported_post":false,"footnotes":""},"categories":[1],"tags":[],"class_list":["post-601","post","type-post","status-publish","format-standard","has-post-thumbnail","hentry","category-allgemein"],"_links":{"self":[{"href":"https:\/\/www.oeaab-wien-aps.at\/index.php?rest_route=\/wp\/v2\/posts\/601","targetHints":{"allow":["GET"]}}],"collection":[{"href":"https:\/\/www.oeaab-wien-aps.at\/index.php?rest_route=\/wp\/v2\/posts"}],"about":[{"href":"https:\/\/www.oeaab-wien-aps.at\/index.php?rest_route=\/wp\/v2\/types\/post"}],"author":[{"embeddable":true,"href":"https:\/\/www.oeaab-wien-aps.at\/index.php?rest_route=\/wp\/v2\/users\/3"}],"replies":[{"embeddable":true,"href":"https:\/\/www.oeaab-wien-aps.at\/index.php?rest_route=%2Fwp%2Fv2%2Fcomments&post=601"}],"version-history":[{"count":0,"href":"https:\/\/www.oeaab-wien-aps.at\/index.php?rest_route=\/wp\/v2\/posts\/601\/revisions"}],"wp:featuredmedia":[{"embeddable":true,"href":"https:\/\/www.oeaab-wien-aps.at\/index.php?rest_route=\/wp\/v2\/media\/608"}],"wp:attachment":[{"href":"https:\/\/www.oeaab-wien-aps.at\/index.php?rest_route=%2Fwp%2Fv2%2Fmedia&parent=601"}],"wp:term":[{"taxonomy":"category","embeddable":true,"href":"https:\/\/www.oeaab-wien-aps.at\/index.php?rest_route=%2Fwp%2Fv2%2Fcategories&post=601"},{"taxonomy":"post_tag","embeddable":true,"href":"https:\/\/www.oeaab-wien-aps.at\/index.php?rest_route=%2Fwp%2Fv2%2Ftags&post=601"}],"curies":[{"name":"wp","href":"https:\/\/api.w.org\/{rel}","templated":true}]}}