{"id":858,"date":"2024-02-22T15:06:00","date_gmt":"2024-02-22T14:06:00","guid":{"rendered":"http:\/\/www.oeaab-wien-aps.at\/?p=858"},"modified":"2024-03-21T10:38:27","modified_gmt":"2024-03-21T09:38:27","slug":"nachruf-fuer-unseren-geschaetzten-weggefaehrten-und-ehemaligen-vorsitzenden-des-oeaab","status":"publish","type":"post","link":"https:\/\/www.oeaab-wien-aps.at\/?p=858","title":{"rendered":"Nachruf f\u00fcr unseren gesch\u00e4tzten Weggef\u00e4hrten und ehemaligen Vorsitzenden des \u00d6AAB"},"content":{"rendered":"\n<figure class=\"wp-block-image size-full is-resized\"><img loading=\"lazy\" decoding=\"async\" width=\"740\" height=\"727\" src=\"https:\/\/www.oeaab-wien-aps.at\/wp-content\/uploads\/2024\/02\/IMG-20240222-WA0002-2.jpg\" alt=\"\" class=\"wp-image-973\" style=\"width:150px\" srcset=\"https:\/\/www.oeaab-wien-aps.at\/wp-content\/uploads\/2024\/02\/IMG-20240222-WA0002-2.jpg 740w, https:\/\/www.oeaab-wien-aps.at\/wp-content\/uploads\/2024\/02\/IMG-20240222-WA0002-2-300x295.jpg 300w, https:\/\/www.oeaab-wien-aps.at\/wp-content\/uploads\/2024\/02\/IMG-20240222-WA0002-2-50x50.jpg 50w, https:\/\/www.oeaab-wien-aps.at\/wp-content\/uploads\/2024\/02\/IMG-20240222-WA0002-2-61x60.jpg 61w\" sizes=\"auto, (max-width: 740px) 100vw, 740px\" \/><\/figure>\n\n\n\n<p><\/p>\n\n\n\n<p>Wir trauern um Franz Zach, der unerwartet am 20. Februar gestorben ist. <\/p>\n\n\n\n<p>Franz Zach war nicht nur ein herausragender Obmann, sondern auch ein Mann von gro\u00dfer Integrit\u00e4t, Weisheit und Herzensg\u00fcte. Sein unerm\u00fcdliches Engagement f\u00fcr die Belange der Wiener PflichtschullehrerInnen sowie seine Hingabe f\u00fcr die Pflichtschulen in Wien werden unvergessen bleiben.<\/p>\n\n\n\n<p>Franz hat eine beeindruckende Berufskarriere als P\u00e4dagoge, die ihn \u00fcber einen Direktorenposten bis zum Landesschulinspektor f\u00fcr die Wiener Pflichtschulen f\u00fchrte. In dieser Position trug er ma\u00dfgeblich zur Entwicklung und Verbesserung des Bildungssystems in unserer Stadt bei.<\/p>\n\n\n\n<p>Sein Verm\u00e4chtnis der F\u00fcrsorge und des Engagements wird weiterleben und unsere Arbeit im \u00d6AAB sowie im Bildungswesen inspirieren. Seine Art und sein unerm\u00fcdlicher Einsatz in unserer Fraktion werden uns stets in Erinnerung bleiben.<\/p>\n\n\n\n<p>In Gedanken und Gebeten sind wir bei seiner Familie und seinen Freunden in dieser schweren Zeit des Abschieds.<\/p>\n\n\n\n<p>M\u00f6ge Franz in Frieden ruhen, und m\u00f6ge sein Verm\u00e4chtnis uns alle dazu inspirieren, in seinem Sinne weiterzuarbeiten und f\u00fcr das einzustehen, was uns wichtig ist.<\/p>\n\n\n\n<p>Im Namen der Fachgruppe APS des \u00d6AAB Wien <\/p>\n\n\n\n<p>Stephan Maresch<\/p>\n\n\n\n<p>Wien, 22.02.2024<\/p>\n","protected":false},"excerpt":{"rendered":"<p>Wir trauern um Franz Zach, der unerwartet am 20. Februar gestorben ist. Franz Zach war nicht nur ein herausragender Obmann, sondern auch ein Mann von gro\u00dfer Integrit\u00e4t, Weisheit und Herzensg\u00fcte. Sein unerm\u00fcdliches Engagement f\u00fcr die Belange der Wiener PflichtschullehrerInnen sowie seine Hingabe f\u00fcr die Pflichtschulen in Wien werden unvergessen bleiben. Franz hat eine beeindruckende Berufskarriere &hellip; <\/p>\n","protected":false},"author":3,"featured_media":976,"comment_status":"closed","ping_status":"closed","sticky":false,"template":"","format":"standard","meta":{"_kadence_starter_templates_imported_post":false,"footnotes":""},"categories":[4],"tags":[],"class_list":["post-858","post","type-post","status-publish","format-standard","has-post-thumbnail","hentry","category-berichte"],"_links":{"self":[{"href":"https:\/\/www.oeaab-wien-aps.at\/index.php?rest_route=\/wp\/v2\/posts\/858","targetHints":{"allow":["GET"]}}],"collection":[{"href":"https:\/\/www.oeaab-wien-aps.at\/index.php?rest_route=\/wp\/v2\/posts"}],"about":[{"href":"https:\/\/www.oeaab-wien-aps.at\/index.php?rest_route=\/wp\/v2\/types\/post"}],"author":[{"embeddable":true,"href":"https:\/\/www.oeaab-wien-aps.at\/index.php?rest_route=\/wp\/v2\/users\/3"}],"replies":[{"embeddable":true,"href":"https:\/\/www.oeaab-wien-aps.at\/index.php?rest_route=%2Fwp%2Fv2%2Fcomments&post=858"}],"version-history":[{"count":0,"href":"https:\/\/www.oeaab-wien-aps.at\/index.php?rest_route=\/wp\/v2\/posts\/858\/revisions"}],"wp:featuredmedia":[{"embeddable":true,"href":"https:\/\/www.oeaab-wien-aps.at\/index.php?rest_route=\/wp\/v2\/media\/976"}],"wp:attachment":[{"href":"https:\/\/www.oeaab-wien-aps.at\/index.php?rest_route=%2Fwp%2Fv2%2Fmedia&parent=858"}],"wp:term":[{"taxonomy":"category","embeddable":true,"href":"https:\/\/www.oeaab-wien-aps.at\/index.php?rest_route=%2Fwp%2Fv2%2Fcategories&post=858"},{"taxonomy":"post_tag","embeddable":true,"href":"https:\/\/www.oeaab-wien-aps.at\/index.php?rest_route=%2Fwp%2Fv2%2Ftags&post=858"}],"curies":[{"name":"wp","href":"https:\/\/api.w.org\/{rel}","templated":true}]}}